{"id":6295,"date":"2026-03-01T19:43:36","date_gmt":"2026-03-01T22:43:36","guid":{"rendered":"https:\/\/farmacia.saude.pe.gov.br\/?p=6295"},"modified":"2026-03-01T19:43:36","modified_gmt":"2026-03-01T22:43:36","slug":"i-geres-recebe-quarta-etapa-estrategica-da-dgaf-ses-pe-para-qualificacao-do-cuidado-a-pacientes-insulinodependentes-no-sus","status":"publish","type":"post","link":"https:\/\/farmacia.saude.pe.gov.br\/?p=6295","title":{"rendered":"I GERES recebe quarta etapa estrat\u00e9gica da DGAF\/SES-PE para qualifica\u00e7\u00e3o do cuidado a pacientes insulinodependentes no SUS"},"content":{"rendered":"<div id=\"bsf_rt_marker\"><\/div><p data-start=\"202\" data-end=\"556\">Refor\u00e7ando a agenda estadual de qualifica\u00e7\u00e3o da linha de cuidado em diabetes, a Diretoria Geral de Assist\u00eancia Farmac\u00eautica (DGAF\/SEAS\/SES-PE), em articula\u00e7\u00e3o com o COSEMS-PE, a I GERES e o CRF-PE, realizou, no dia 25 de fevereiro de 2026, o Simp\u00f3sio <em data-start=\"453\" data-end=\"555\">\u201cCuidados com os Pacientes Insulinodependentes: Novas Fronteiras no Diagn\u00f3stico e Tratamento no SUS\u201d<\/em>.<\/p>\n<p data-start=\"558\" data-end=\"867\">Com mais de 230 profissionais do Sistema \u00danico de Sa\u00fade inscritos \u2014 entre enfermeiros, farmac\u00eauticos, m\u00e9dicos e demais trabalhadores da sa\u00fade \u2014 o evento reafirmou o compromisso regional com a qualifica\u00e7\u00e3o da linha de cuidado em diabetes, fortalecendo a integra\u00e7\u00e3o multiprofissional e a seguran\u00e7a assistencial.<\/p>\n<p data-start=\"869\" data-end=\"1281\">A iniciativa integra a agenda estadual de educa\u00e7\u00e3o permanente conduzida pela DGAF e representa a quarta etapa estrat\u00e9gica voltada ao aprimoramento do cuidado \u00e0s pessoas insulinodependentes no SUS pernambucano. O encontro teve como foco a atualiza\u00e7\u00e3o cient\u00edfica, a seguran\u00e7a terap\u00eautica e a articula\u00e7\u00e3o entre Aten\u00e7\u00e3o Prim\u00e1ria \u00e0 Sa\u00fade e Assist\u00eancia Farmac\u00eautica, refor\u00e7ando o princ\u00edpio da integralidade do cuidado.<\/p>\n<p data-start=\"1283\" data-end=\"1753\">Durante a abertura, foi destacada a import\u00e2ncia do planejamento integrado e da atua\u00e7\u00e3o multiprofissional na consolida\u00e7\u00e3o de uma Rede de Aten\u00e7\u00e3o \u00e0 Sa\u00fade organizada, resolutiva e sustent\u00e1vel. Ao longo da programa\u00e7\u00e3o, especialistas abordaram o planejamento da linha de cuidado, avan\u00e7os diagn\u00f3sticos, novas estrat\u00e9gias terap\u00eauticas e os desafios relacionados ao acesso e \u00e0 ades\u00e3o ao tratamento, promovendo um espa\u00e7o t\u00e9cnico qualificado de di\u00e1logo entre gest\u00e3o e assist\u00eancia.<\/p>\n<p data-start=\"1755\" data-end=\"2076\">A expressiva participa\u00e7\u00e3o dos profissionais reafirma o compromisso da Secretaria Estadual de Sa\u00fade e das institui\u00e7\u00f5es parceiras com o fortalecimento da governan\u00e7a regional da Assist\u00eancia Farmac\u00eautica, a qualifica\u00e7\u00e3o cont\u00ednua da Rede de Aten\u00e7\u00e3o \u00e0 Sa\u00fade e a melhoria permanente do cuidado ofertado \u00e0 popula\u00e7\u00e3o pernambucana.<\/p>\n","protected":false},"excerpt":{"rendered":"<p>Refor\u00e7ando a agenda estadual de qualifica\u00e7\u00e3o da linha de cuidado em diabetes, a Diretoria Geral de Assist\u00eancia Farmac\u00eautica (DGAF\/SEAS\/SES-PE), em articula\u00e7\u00e3o com o COSEMS-PE, a I GERES e o CRF-PE, realizou, no dia 25 de fevereiro de 2026, o Simp\u00f3sio \u201cCuidados com os Pacientes Insulinodependentes: Novas Fronteiras no Diagn\u00f3stico e Tratamento no SUS\u201d.<\/p>\n<p>Com mais de 230 profissionais do Sistema \u00danico de Sa\u00fade inscritos \u2014 entre enfermeiros, farmac\u00eauticos, m\u00e9dicos e demais trabalhadores da sa\u00fade \u2014 o evento reafirmou o compromisso regional com a qualifica\u00e7\u00e3o da linha de cuidado em diabetes, fortalecendo a integra\u00e7\u00e3o multiprofissional e a seguran\u00e7a assistencial. Saiba mais \u279c<\/p>\n","protected":false},"author":6,"featured_media":6296,"comment_status":"open","ping_status":"open","sticky":false,"template":"","format":"standard","meta":{"footnotes":""},"categories":[14,21],"tags":[],"class_list":["post-6295","post","type-post","status-publish","format-standard","has-post-thumbnail","hentry","category-destaque","category-noticias"],"yoast_head":"<!-- This site is optimized with the Yoast SEO plugin v27.4 - https:\/\/yoast.com\/product\/yoast-seo-wordpress\/ -->\n<title>I GERES recebe quarta etapa estrat\u00e9gica da DGAF\/SES-PE para qualifica\u00e7\u00e3o do cuidado a pacientes insulinodependentes no SUS - Farm\u00e1cia de Pernambuco<\/title>\n<meta name=\"robots\" content=\"index, follow, max-snippet:-1, max-image-preview:large, max-video-preview:-1\" \/>\n<link rel=\"canonical\" href=\"https:\/\/farmacia.saude.pe.gov.br\/?p=6295\" \/>\n<meta property=\"og:locale\" content=\"pt_BR\" \/>\n<meta property=\"og:type\" content=\"article\" \/>\n<meta property=\"og:title\" content=\"I GERES recebe quarta etapa estrat\u00e9gica da DGAF\/SES-PE para qualifica\u00e7\u00e3o do cuidado a pacientes insulinodependentes no SUS - Farm\u00e1cia de Pernambuco\" \/>\n<meta property=\"og:description\" content=\"Refor\u00e7ando a agenda estadual de qualifica\u00e7\u00e3o da linha de cuidado em diabetes, a Diretoria Geral de Assist\u00eancia Farmac\u00eautica (DGAF\/SEAS\/SES-PE), em articula\u00e7\u00e3o com o COSEMS-PE, a I GERES e o CRF-PE, realizou, no dia 25 de fevereiro de 2026, o Simp\u00f3sio \u201cCuidados com os Pacientes Insulinodependentes: Novas Fronteiras no Diagn\u00f3stico e Tratamento no SUS\u201d.  Com mais de 230 profissionais do Sistema \u00danico de Sa\u00fade inscritos \u2014 entre enfermeiros, farmac\u00eauticos, m\u00e9dicos e demais trabalhadores da sa\u00fade \u2014 o evento reafirmou o compromisso regional com a qualifica\u00e7\u00e3o da linha de cuidado em diabetes, fortalecendo a integra\u00e7\u00e3o multiprofissional e a seguran\u00e7a assistencial. Saiba mais \u279c\" \/>\n<meta property=\"og:url\" content=\"https:\/\/farmacia.saude.pe.gov.br\/?p=6295\" \/>\n<meta property=\"og:site_name\" content=\"Farm\u00e1cia de Pernambuco\" \/>\n<meta property=\"article:published_time\" content=\"2026-03-01T22:43:36+00:00\" \/>\n<meta property=\"og:image\" content=\"https:\/\/farmacia.saude.pe.gov.br\/wp-content\/uploads\/2026\/03\/Evento-de-insulinodependente-1024x681.png\" \/>\n\t<meta property=\"og:image:width\" content=\"1024\" \/>\n\t<meta property=\"og:image:height\" content=\"681\" \/>\n\t<meta property=\"og:image:type\" content=\"image\/png\" \/>\n<meta name=\"author\" content=\"Farmacia\" \/>\n<meta name=\"twitter:card\" content=\"summary_large_image\" \/>\n<meta name=\"twitter:label1\" content=\"Escrito por\" \/>\n\t<meta name=\"twitter:data1\" content=\"Farmacia\" \/>\n\t<meta name=\"twitter:label2\" content=\"Est. tempo de leitura\" \/>\n\t<meta name=\"twitter:data2\" content=\"2 minutos\" \/>\n<script type=\"application\/ld+json\" class=\"yoast-schema-graph\">{\"@context\":\"https:\\\/\\\/schema.org\",\"@graph\":[{\"@type\":\"Article\",\"@id\":\"https:\\\/\\\/farmacia.saude.pe.gov.br\\\/?p=6295#article\",\"isPartOf\":{\"@id\":\"https:\\\/\\\/farmacia.saude.pe.gov.br\\\/?p=6295\"},\"author\":{\"name\":\"Farmacia\",\"@id\":\"https:\\\/\\\/farmacia.saude.pe.gov.br\\\/#\\\/schema\\\/person\\\/ef43bace8295e59e04ca3fc4f8febb46\"},\"headline\":\"I GERES recebe quarta etapa estrat\u00e9gica da DGAF\\\/SES-PE para qualifica\u00e7\u00e3o do cuidado a pacientes insulinodependentes no SUS\",\"datePublished\":\"2026-03-01T22:43:36+00:00\",\"mainEntityOfPage\":{\"@id\":\"https:\\\/\\\/farmacia.saude.pe.gov.br\\\/?p=6295\"},\"wordCount\":335,\"commentCount\":0,\"publisher\":{\"@id\":\"https:\\\/\\\/farmacia.saude.pe.gov.br\\\/#organization\"},\"image\":{\"@id\":\"https:\\\/\\\/farmacia.saude.pe.gov.br\\\/?p=6295#primaryimage\"},\"thumbnailUrl\":\"https:\\\/\\\/farmacia.saude.pe.gov.br\\\/wp-content\\\/uploads\\\/2026\\\/03\\\/Evento-de-insulinodependente-scaled.png\",\"articleSection\":[\"Destaque\",\"Not\u00edcias\"],\"inLanguage\":\"pt-BR\",\"potentialAction\":[{\"@type\":\"CommentAction\",\"name\":\"Comment\",\"target\":[\"https:\\\/\\\/farmacia.saude.pe.gov.br\\\/?p=6295#respond\"]}]},{\"@type\":\"WebPage\",\"@id\":\"https:\\\/\\\/farmacia.saude.pe.gov.br\\\/?p=6295\",\"url\":\"https:\\\/\\\/farmacia.saude.pe.gov.br\\\/?p=6295\",\"name\":\"I GERES recebe quarta etapa estrat\u00e9gica da DGAF\\\/SES-PE para qualifica\u00e7\u00e3o do cuidado a pacientes insulinodependentes no SUS - Farm\u00e1cia de Pernambuco\",\"isPartOf\":{\"@id\":\"https:\\\/\\\/farmacia.saude.pe.gov.br\\\/#website\"},\"primaryImageOfPage\":{\"@id\":\"https:\\\/\\\/farmacia.saude.pe.gov.br\\\/?p=6295#primaryimage\"},\"image\":{\"@id\":\"https:\\\/\\\/farmacia.saude.pe.gov.br\\\/?p=6295#primaryimage\"},\"thumbnailUrl\":\"https:\\\/\\\/farmacia.saude.pe.gov.br\\\/wp-content\\\/uploads\\\/2026\\\/03\\\/Evento-de-insulinodependente-scaled.png\",\"datePublished\":\"2026-03-01T22:43:36+00:00\",\"breadcrumb\":{\"@id\":\"https:\\\/\\\/farmacia.saude.pe.gov.br\\\/?p=6295#breadcrumb\"},\"inLanguage\":\"pt-BR\",\"potentialAction\":[{\"@type\":\"ReadAction\",\"target\":[\"https:\\\/\\\/farmacia.saude.pe.gov.br\\\/?p=6295\"]}]},{\"@type\":\"ImageObject\",\"inLanguage\":\"pt-BR\",\"@id\":\"https:\\\/\\\/farmacia.saude.pe.gov.br\\\/?p=6295#primaryimage\",\"url\":\"https:\\\/\\\/farmacia.saude.pe.gov.br\\\/wp-content\\\/uploads\\\/2026\\\/03\\\/Evento-de-insulinodependente-scaled.png\",\"contentUrl\":\"https:\\\/\\\/farmacia.saude.pe.gov.br\\\/wp-content\\\/uploads\\\/2026\\\/03\\\/Evento-de-insulinodependente-scaled.png\",\"width\":2560,\"height\":1703},{\"@type\":\"BreadcrumbList\",\"@id\":\"https:\\\/\\\/farmacia.saude.pe.gov.br\\\/?p=6295#breadcrumb\",\"itemListElement\":[{\"@type\":\"ListItem\",\"position\":1,\"name\":\"Home\",\"item\":\"https:\\\/\\\/farmacia.saude.pe.gov.br\\\/\"},{\"@type\":\"ListItem\",\"position\":2,\"name\":\"Not\u00edcias\",\"item\":\"https:\\\/\\\/farmacia.saude.pe.gov.br\\\/?cat=21\"},{\"@type\":\"ListItem\",\"position\":3,\"name\":\"I GERES recebe quarta etapa estrat\u00e9gica da DGAF\\\/SES-PE para qualifica\u00e7\u00e3o do cuidado a pacientes insulinodependentes no SUS\"}]},{\"@type\":\"WebSite\",\"@id\":\"https:\\\/\\\/farmacia.saude.pe.gov.br\\\/#website\",\"url\":\"https:\\\/\\\/farmacia.saude.pe.gov.br\\\/\",\"name\":\"Farm\u00e1cia de Pernambuco\",\"description\":\"\",\"publisher\":{\"@id\":\"https:\\\/\\\/farmacia.saude.pe.gov.br\\\/#organization\"},\"potentialAction\":[{\"@type\":\"SearchAction\",\"target\":{\"@type\":\"EntryPoint\",\"urlTemplate\":\"https:\\\/\\\/farmacia.saude.pe.gov.br\\\/?s={search_term_string}\"},\"query-input\":{\"@type\":\"PropertyValueSpecification\",\"valueRequired\":true,\"valueName\":\"search_term_string\"}}],\"inLanguage\":\"pt-BR\"},{\"@type\":\"Organization\",\"@id\":\"https:\\\/\\\/farmacia.saude.pe.gov.br\\\/#organization\",\"name\":\"Farm\u00e1cia de Pernambuco\",\"url\":\"https:\\\/\\\/farmacia.saude.pe.gov.br\\\/\",\"logo\":{\"@type\":\"ImageObject\",\"inLanguage\":\"pt-BR\",\"@id\":\"https:\\\/\\\/farmacia.saude.pe.gov.br\\\/#\\\/schema\\\/logo\\\/image\\\/\",\"url\":\"https:\\\/\\\/farmacia.saude.pe.gov.br\\\/wp-content\\\/uploads\\\/2023\\\/08\\\/logoFarmacia.jpg\",\"contentUrl\":\"https:\\\/\\\/farmacia.saude.pe.gov.br\\\/wp-content\\\/uploads\\\/2023\\\/08\\\/logoFarmacia.jpg\",\"width\":490,\"height\":223,\"caption\":\"Farm\u00e1cia de Pernambuco\"},\"image\":{\"@id\":\"https:\\\/\\\/farmacia.saude.pe.gov.br\\\/#\\\/schema\\\/logo\\\/image\\\/\"}},{\"@type\":\"Person\",\"@id\":\"https:\\\/\\\/farmacia.saude.pe.gov.br\\\/#\\\/schema\\\/person\\\/ef43bace8295e59e04ca3fc4f8febb46\",\"name\":\"Farmacia\",\"image\":{\"@type\":\"ImageObject\",\"inLanguage\":\"pt-BR\",\"@id\":\"https:\\\/\\\/secure.gravatar.com\\\/avatar\\\/c3fd86b7508a58e91622a12fc86f86c8b1891cc59abc85690c868f3b28e326a4?s=96&d=mm&r=g\",\"url\":\"https:\\\/\\\/secure.gravatar.com\\\/avatar\\\/c3fd86b7508a58e91622a12fc86f86c8b1891cc59abc85690c868f3b28e326a4?s=96&d=mm&r=g\",\"contentUrl\":\"https:\\\/\\\/secure.gravatar.com\\\/avatar\\\/c3fd86b7508a58e91622a12fc86f86c8b1891cc59abc85690c868f3b28e326a4?s=96&d=mm&r=g\",\"caption\":\"Farmacia\"},\"url\":\"https:\\\/\\\/farmacia.saude.pe.gov.br\\\/?author=6\"}]}<\/script>\n<!-- \/ Yoast SEO plugin. -->","yoast_head_json":{"title":"I GERES recebe quarta etapa estrat\u00e9gica da DGAF\/SES-PE para qualifica\u00e7\u00e3o do cuidado a pacientes insulinodependentes no SUS - Farm\u00e1cia de Pernambuco","robots":{"index":"index","follow":"follow","max-snippet":"max-snippet:-1","max-image-preview":"max-image-preview:large","max-video-preview":"max-video-preview:-1"},"canonical":"https:\/\/farmacia.saude.pe.gov.br\/?p=6295","og_locale":"pt_BR","og_type":"article","og_title":"I GERES recebe quarta etapa estrat\u00e9gica da DGAF\/SES-PE para qualifica\u00e7\u00e3o do cuidado a pacientes insulinodependentes no SUS - Farm\u00e1cia de Pernambuco","og_description":"Refor\u00e7ando a agenda estadual de qualifica\u00e7\u00e3o da linha de cuidado em diabetes, a Diretoria Geral de Assist\u00eancia Farmac\u00eautica (DGAF\/SEAS\/SES-PE), em articula\u00e7\u00e3o com o COSEMS-PE, a I GERES e o CRF-PE, realizou, no dia 25 de fevereiro de 2026, o Simp\u00f3sio \u201cCuidados com os Pacientes Insulinodependentes: Novas Fronteiras no Diagn\u00f3stico e Tratamento no SUS\u201d.  Com mais de 230 profissionais do Sistema \u00danico de Sa\u00fade inscritos \u2014 entre enfermeiros, farmac\u00eauticos, m\u00e9dicos e demais trabalhadores da sa\u00fade \u2014 o evento reafirmou o compromisso regional com a qualifica\u00e7\u00e3o da linha de cuidado em diabetes, fortalecendo a integra\u00e7\u00e3o multiprofissional e a seguran\u00e7a assistencial. Saiba mais \u279c","og_url":"https:\/\/farmacia.saude.pe.gov.br\/?p=6295","og_site_name":"Farm\u00e1cia de Pernambuco","article_published_time":"2026-03-01T22:43:36+00:00","og_image":[{"width":1024,"height":681,"url":"https:\/\/farmacia.saude.pe.gov.br\/wp-content\/uploads\/2026\/03\/Evento-de-insulinodependente-1024x681.png","type":"image\/png"}],"author":"Farmacia","twitter_card":"summary_large_image","twitter_misc":{"Escrito por":"Farmacia","Est. tempo de leitura":"2 minutos"},"schema":{"@context":"https:\/\/schema.org","@graph":[{"@type":"Article","@id":"https:\/\/farmacia.saude.pe.gov.br\/?p=6295#article","isPartOf":{"@id":"https:\/\/farmacia.saude.pe.gov.br\/?p=6295"},"author":{"name":"Farmacia","@id":"https:\/\/farmacia.saude.pe.gov.br\/#\/schema\/person\/ef43bace8295e59e04ca3fc4f8febb46"},"headline":"I GERES recebe quarta etapa estrat\u00e9gica da DGAF\/SES-PE para qualifica\u00e7\u00e3o do cuidado a pacientes insulinodependentes no SUS","datePublished":"2026-03-01T22:43:36+00:00","mainEntityOfPage":{"@id":"https:\/\/farmacia.saude.pe.gov.br\/?p=6295"},"wordCount":335,"commentCount":0,"publisher":{"@id":"https:\/\/farmacia.saude.pe.gov.br\/#organization"},"image":{"@id":"https:\/\/farmacia.saude.pe.gov.br\/?p=6295#primaryimage"},"thumbnailUrl":"https:\/\/farmacia.saude.pe.gov.br\/wp-content\/uploads\/2026\/03\/Evento-de-insulinodependente-scaled.png","articleSection":["Destaque","Not\u00edcias"],"inLanguage":"pt-BR","potentialAction":[{"@type":"CommentAction","name":"Comment","target":["https:\/\/farmacia.saude.pe.gov.br\/?p=6295#respond"]}]},{"@type":"WebPage","@id":"https:\/\/farmacia.saude.pe.gov.br\/?p=6295","url":"https:\/\/farmacia.saude.pe.gov.br\/?p=6295","name":"I GERES recebe quarta etapa estrat\u00e9gica da DGAF\/SES-PE para qualifica\u00e7\u00e3o do cuidado a pacientes insulinodependentes no SUS - Farm\u00e1cia de Pernambuco","isPartOf":{"@id":"https:\/\/farmacia.saude.pe.gov.br\/#website"},"primaryImageOfPage":{"@id":"https:\/\/farmacia.saude.pe.gov.br\/?p=6295#primaryimage"},"image":{"@id":"https:\/\/farmacia.saude.pe.gov.br\/?p=6295#primaryimage"},"thumbnailUrl":"https:\/\/farmacia.saude.pe.gov.br\/wp-content\/uploads\/2026\/03\/Evento-de-insulinodependente-scaled.png","datePublished":"2026-03-01T22:43:36+00:00","breadcrumb":{"@id":"https:\/\/farmacia.saude.pe.gov.br\/?p=6295#breadcrumb"},"inLanguage":"pt-BR","potentialAction":[{"@type":"ReadAction","target":["https:\/\/farmacia.saude.pe.gov.br\/?p=6295"]}]},{"@type":"ImageObject","inLanguage":"pt-BR","@id":"https:\/\/farmacia.saude.pe.gov.br\/?p=6295#primaryimage","url":"https:\/\/farmacia.saude.pe.gov.br\/wp-content\/uploads\/2026\/03\/Evento-de-insulinodependente-scaled.png","contentUrl":"https:\/\/farmacia.saude.pe.gov.br\/wp-content\/uploads\/2026\/03\/Evento-de-insulinodependente-scaled.png","width":2560,"height":1703},{"@type":"BreadcrumbList","@id":"https:\/\/farmacia.saude.pe.gov.br\/?p=6295#breadcrumb","itemListElement":[{"@type":"ListItem","position":1,"name":"Home","item":"https:\/\/farmacia.saude.pe.gov.br\/"},{"@type":"ListItem","position":2,"name":"Not\u00edcias","item":"https:\/\/farmacia.saude.pe.gov.br\/?cat=21"},{"@type":"ListItem","position":3,"name":"I GERES recebe quarta etapa estrat\u00e9gica da DGAF\/SES-PE para qualifica\u00e7\u00e3o do cuidado a pacientes insulinodependentes no SUS"}]},{"@type":"WebSite","@id":"https:\/\/farmacia.saude.pe.gov.br\/#website","url":"https:\/\/farmacia.saude.pe.gov.br\/","name":"Farm\u00e1cia de Pernambuco","description":"","publisher":{"@id":"https:\/\/farmacia.saude.pe.gov.br\/#organization"},"potentialAction":[{"@type":"SearchAction","target":{"@type":"EntryPoint","urlTemplate":"https:\/\/farmacia.saude.pe.gov.br\/?s={search_term_string}"},"query-input":{"@type":"PropertyValueSpecification","valueRequired":true,"valueName":"search_term_string"}}],"inLanguage":"pt-BR"},{"@type":"Organization","@id":"https:\/\/farmacia.saude.pe.gov.br\/#organization","name":"Farm\u00e1cia de Pernambuco","url":"https:\/\/farmacia.saude.pe.gov.br\/","logo":{"@type":"ImageObject","inLanguage":"pt-BR","@id":"https:\/\/farmacia.saude.pe.gov.br\/#\/schema\/logo\/image\/","url":"https:\/\/farmacia.saude.pe.gov.br\/wp-content\/uploads\/2023\/08\/logoFarmacia.jpg","contentUrl":"https:\/\/farmacia.saude.pe.gov.br\/wp-content\/uploads\/2023\/08\/logoFarmacia.jpg","width":490,"height":223,"caption":"Farm\u00e1cia de Pernambuco"},"image":{"@id":"https:\/\/farmacia.saude.pe.gov.br\/#\/schema\/logo\/image\/"}},{"@type":"Person","@id":"https:\/\/farmacia.saude.pe.gov.br\/#\/schema\/person\/ef43bace8295e59e04ca3fc4f8febb46","name":"Farmacia","image":{"@type":"ImageObject","inLanguage":"pt-BR","@id":"https:\/\/secure.gravatar.com\/avatar\/c3fd86b7508a58e91622a12fc86f86c8b1891cc59abc85690c868f3b28e326a4?s=96&d=mm&r=g","url":"https:\/\/secure.gravatar.com\/avatar\/c3fd86b7508a58e91622a12fc86f86c8b1891cc59abc85690c868f3b28e326a4?s=96&d=mm&r=g","contentUrl":"https:\/\/secure.gravatar.com\/avatar\/c3fd86b7508a58e91622a12fc86f86c8b1891cc59abc85690c868f3b28e326a4?s=96&d=mm&r=g","caption":"Farmacia"},"url":"https:\/\/farmacia.saude.pe.gov.br\/?author=6"}]}},"_links":{"self":[{"href":"https:\/\/farmacia.saude.pe.gov.br\/index.php?rest_route=\/wp\/v2\/posts\/6295","targetHints":{"allow":["GET"]}}],"collection":[{"href":"https:\/\/farmacia.saude.pe.gov.br\/index.php?rest_route=\/wp\/v2\/posts"}],"about":[{"href":"https:\/\/farmacia.saude.pe.gov.br\/index.php?rest_route=\/wp\/v2\/types\/post"}],"author":[{"embeddable":true,"href":"https:\/\/farmacia.saude.pe.gov.br\/index.php?rest_route=\/wp\/v2\/users\/6"}],"replies":[{"embeddable":true,"href":"https:\/\/farmacia.saude.pe.gov.br\/index.php?rest_route=%2Fwp%2Fv2%2Fcomments&post=6295"}],"version-history":[{"count":1,"href":"https:\/\/farmacia.saude.pe.gov.br\/index.php?rest_route=\/wp\/v2\/posts\/6295\/revisions"}],"predecessor-version":[{"id":6297,"href":"https:\/\/farmacia.saude.pe.gov.br\/index.php?rest_route=\/wp\/v2\/posts\/6295\/revisions\/6297"}],"wp:featuredmedia":[{"embeddable":true,"href":"https:\/\/farmacia.saude.pe.gov.br\/index.php?rest_route=\/wp\/v2\/media\/6296"}],"wp:attachment":[{"href":"https:\/\/farmacia.saude.pe.gov.br\/index.php?rest_route=%2Fwp%2Fv2%2Fmedia&parent=6295"}],"wp:term":[{"taxonomy":"category","embeddable":true,"href":"https:\/\/farmacia.saude.pe.gov.br\/index.php?rest_route=%2Fwp%2Fv2%2Fcategories&post=6295"},{"taxonomy":"post_tag","embeddable":true,"href":"https:\/\/farmacia.saude.pe.gov.br\/index.php?rest_route=%2Fwp%2Fv2%2Ftags&post=6295"}],"curies":[{"name":"wp","href":"https:\/\/api.w.org\/{rel}","templated":true}]}}